{"id":1941,"date":"2021-07-17T03:01:23","date_gmt":"2021-07-17T03:01:23","guid":{"rendered":"https:\/\/pemic.com.co\/?p=1941"},"modified":"2021-07-24T14:56:27","modified_gmt":"2021-07-24T14:56:27","slug":"normativa-que-busca-estandarizar-el-proceso","status":"publish","type":"post","link":"https:\/\/pemic.com.co\/?p=1941","title":{"rendered":"Decretos que Reglamentan la Clasificaci\u00f3n de los Residuos en la Fuente en Colombia"},"content":{"rendered":"\n<ul><li>El decreto 2981 de 2013 por el cual se reglamenta la prestaci\u00f3n del servicio p\u00fablico de aseo establece en el Art\u00edculo 17 que los usuarios de dicho servicio, tienen la obligaci\u00f3n de realizar la separaci\u00f3n de los residuos en la fuente y, por otra parte, de almacenar y presentar los residuos s\u00f3lidos, de acuerdo a lo dispuesto en el Plan de Gesti\u00f3n Integral de Residuos S\u00f3lidos de los municipios o distritos del pa\u00eds.<\/li><li>En el art\u00edculo 83 del decreto 1017 de 2015 se estableci\u00f3 que los residuos s\u00f3lidos aprovechables deben ser almacenados limpios y debidamente separados por tipo de material, de acuerdo con los lineamientos establecidos en el Plan de Gesti\u00f3n Integral de Residuos S\u00f3lidos de cada municipio o distrito, sin embargo, con la resoluci\u00f3n No. 2184 de 2019, el Ministerio del Medio Ambiente estableci\u00f3 que a partir del primero de enero de 2021 los residuos se deben almacenar de acuerdo con el siguiente c\u00f3digo: residuos no reciclables en bolsas o recipientes de color negro, residuos reciclables en bolsas o recipientes de color blanco y residuos org\u00e1nicos en bolsas o recipientes de color verde, es decir, los residuos si deben ser almacenados limpios pero de acuerdo a esta \u00faltima resoluci\u00f3n no se requiere que sean separados por tipo de material.<\/li><li>Por otra parte, con el decreto 349 de 2014 se reglament\u00f3 la imposici\u00f3n y aplicaci\u00f3n del Comparendo Ambiental en el Distrito Capital, en este se establece en el Art\u00edculo 7 que el no disponer separadamente para su recolecci\u00f3n los residuos reciclables de los no reciclables pueden ocasionar una multa de dos SMMLV para personas naturales y hasta de 20 SMMLV si la infracci\u00f3n es cometida por una persona jur\u00eddica.<\/li><li>El Plan de Gesti\u00f3n Integral de Residuos S\u00f3lidos de Bogot\u00e1 2016 \u2013 2027, elaborado en el 2015, tiene como uno de sus ejes estrat\u00e9gicos generar una cultura de aprovechamiento dirigida hacia la separaci\u00f3n en la fuente, la producci\u00f3n limpia, el consumo consciente y responsable y el reconocimiento de la labor del reciclador de oficio.<\/li><\/ul>\n\n\n\n<p>Con los decretos listados se reglamentan aspectos como la obligaci\u00f3n que todo usuario del servicio p\u00fablico de aseo tiene de separar los residuos s\u00f3lidos en la fuente, por otra parte, tambi\u00e9n se define c\u00f3mo debe realizarse esta labor, para lo cual se estableci\u00f3 un c\u00f3digo de colores para las bolsas y recipientes de recolecci\u00f3n, y las multas que puede llegar un usuario a hacerse acreedor por infringir estas normas. Con todo esto el porcentaje de la poblaci\u00f3n que clasifica los residuos en la fuente es muy reducido, apenas del 22%, lo que nos lleva a la pregunta \u00bfQu\u00e9 hace falta para aumentar dicho porcentaje? <\/p>\n","protected":false},"excerpt":{"rendered":"<p>El decreto 2981 de 2013 por el cual se reglamenta la prestaci\u00f3n del servicio p\u00fablico de aseo establece en el Art\u00edculo 17 que los usuarios de dicho servicio, tienen la obligaci\u00f3n de realizar la separaci\u00f3n de los residuos en la fuente y, por otra parte, de almacenar y presentar los residuos s\u00f3lidos, de acuerdo a &hellip;<\/p>\n<p class=\"read-more\"> <a class=\"\" href=\"https:\/\/pemic.com.co\/?p=1941\"> <span class=\"screen-reader-text\">Decretos que Reglamentan la Clasificaci\u00f3n de los Residuos en la Fuente en Colombia<\/span> Leer m\u00e1s &raquo;<\/a><\/p>\n","protected":false},"author":2,"featured_media":1942,"comment_status":"open","ping_status":"open","sticky":false,"template":"","format":"standard","meta":{"site-sidebar-layout":"default","site-content-layout":"default","ast-global-header-display":"","ast-banner-title-visibility":"","ast-main-header-display":"","ast-hfb-above-header-display":"","ast-hfb-below-header-display":"","ast-hfb-mobile-header-display":"","site-post-title":"","ast-breadcrumbs-content":"","ast-featured-img":"","footer-sml-layout":"","theme-transparent-header-meta":"default","adv-header-id-meta":"","stick-header-meta":"","header-above-stick-meta":"","header-main-stick-meta":"","header-below-stick-meta":""},"categories":[1],"tags":[],"yoast_head":"<!-- This site is optimized with the Yoast SEO plugin v20.6 - https:\/\/yoast.com\/wordpress\/plugins\/seo\/ -->\n<title>Decretos que Reglamentan la Clasificaci\u00f3n de los Residuos en la Fuente en Colombia - pemic.com.co<\/title>\n<meta name=\"robots\" content=\"index, follow, max-snippet:-1, max-image-preview:large, max-video-preview:-1\" \/>\n<link rel=\"canonical\" href=\"https:\/\/pemic.com.co\/?p=1941\" \/>\n<meta property=\"og:locale\" content=\"es_ES\" \/>\n<meta property=\"og:type\" content=\"article\" \/>\n<meta property=\"og:title\" content=\"Decretos que Reglamentan la Clasificaci\u00f3n de los Residuos en la Fuente en Colombia - pemic.com.co\" \/>\n<meta property=\"og:description\" content=\"El decreto 2981 de 2013 por el cual se reglamenta la prestaci\u00f3n del servicio p\u00fablico de aseo establece en el Art\u00edculo 17 que los usuarios de dicho servicio, tienen la obligaci\u00f3n de realizar la separaci\u00f3n de los residuos en la fuente y, por otra parte, de almacenar y presentar los residuos s\u00f3lidos, de acuerdo a &hellip; Decretos que Reglamentan la Clasificaci\u00f3n de los Residuos en la Fuente en Colombia Leer m\u00e1s &raquo;\" \/>\n<meta property=\"og:url\" content=\"https:\/\/pemic.com.co\/?p=1941\" \/>\n<meta property=\"og:site_name\" content=\"pemic.com.co\" \/>\n<meta property=\"article:published_time\" content=\"2021-07-17T03:01:23+00:00\" \/>\n<meta property=\"article:modified_time\" content=\"2021-07-24T14:56:27+00:00\" \/>\n<meta property=\"og:image\" content=\"https:\/\/pemic.com.co\/wp-content\/uploads\/2021\/07\/Ley-2.png\" \/>\n\t<meta property=\"og:image:width\" content=\"484\" \/>\n\t<meta property=\"og:image:height\" content=\"441\" \/>\n\t<meta property=\"og:image:type\" content=\"image\/png\" \/>\n<meta name=\"author\" content=\"Henry Vargas Holguin\" \/>\n<meta name=\"twitter:card\" content=\"summary_large_image\" \/>\n<meta name=\"twitter:label1\" content=\"Escrito por\" \/>\n\t<meta name=\"twitter:data1\" content=\"Henry Vargas Holguin\" \/>\n\t<meta name=\"twitter:label2\" content=\"Tiempo de lectura\" \/>\n\t<meta name=\"twitter:data2\" content=\"2 minutos\" \/>\n<script type=\"application\/ld+json\" class=\"yoast-schema-graph\">{\"@context\":\"https:\/\/schema.org\",\"@graph\":[{\"@type\":\"Article\",\"@id\":\"https:\/\/pemic.com.co\/?p=1941#article\",\"isPartOf\":{\"@id\":\"https:\/\/pemic.com.co\/?p=1941\"},\"author\":{\"name\":\"Henry Vargas Holguin\",\"@id\":\"https:\/\/pemic.com.co\/#\/schema\/person\/9a2ea2b817eb03fd58b932f51f39cdd6\"},\"headline\":\"Decretos que Reglamentan la Clasificaci\u00f3n de los Residuos en la Fuente en Colombia\",\"datePublished\":\"2021-07-17T03:01:23+00:00\",\"dateModified\":\"2021-07-24T14:56:27+00:00\",\"mainEntityOfPage\":{\"@id\":\"https:\/\/pemic.com.co\/?p=1941\"},\"wordCount\":469,\"commentCount\":0,\"publisher\":{\"@id\":\"https:\/\/pemic.com.co\/#organization\"},\"articleSection\":[\"Uncategorized\"],\"inLanguage\":\"es\",\"potentialAction\":[{\"@type\":\"CommentAction\",\"name\":\"Comment\",\"target\":[\"https:\/\/pemic.com.co\/?p=1941#respond\"]}]},{\"@type\":\"WebPage\",\"@id\":\"https:\/\/pemic.com.co\/?p=1941\",\"url\":\"https:\/\/pemic.com.co\/?p=1941\",\"name\":\"Decretos que Reglamentan la Clasificaci\u00f3n de los Residuos en la Fuente en Colombia - pemic.com.co\",\"isPartOf\":{\"@id\":\"https:\/\/pemic.com.co\/#website\"},\"datePublished\":\"2021-07-17T03:01:23+00:00\",\"dateModified\":\"2021-07-24T14:56:27+00:00\",\"breadcrumb\":{\"@id\":\"https:\/\/pemic.com.co\/?p=1941#breadcrumb\"},\"inLanguage\":\"es\",\"potentialAction\":[{\"@type\":\"ReadAction\",\"target\":[\"https:\/\/pemic.com.co\/?p=1941\"]}]},{\"@type\":\"BreadcrumbList\",\"@id\":\"https:\/\/pemic.com.co\/?p=1941#breadcrumb\",\"itemListElement\":[{\"@type\":\"ListItem\",\"position\":1,\"name\":\"Portada\",\"item\":\"https:\/\/pemic.com.co\/\"},{\"@type\":\"ListItem\",\"position\":2,\"name\":\"Decretos que Reglamentan la Clasificaci\u00f3n de los Residuos en la Fuente en Colombia\"}]},{\"@type\":\"WebSite\",\"@id\":\"https:\/\/pemic.com.co\/#website\",\"url\":\"https:\/\/pemic.com.co\/\",\"name\":\"pemic.com.co\",\"description\":\"Optimiza tu espacio y contribuye con el medio ambiente.\",\"publisher\":{\"@id\":\"https:\/\/pemic.com.co\/#organization\"},\"potentialAction\":[{\"@type\":\"SearchAction\",\"target\":{\"@type\":\"EntryPoint\",\"urlTemplate\":\"https:\/\/pemic.com.co\/?s={search_term_string}\"},\"query-input\":\"required name=search_term_string\"}],\"inLanguage\":\"es\"},{\"@type\":\"Organization\",\"@id\":\"https:\/\/pemic.com.co\/#organization\",\"name\":\"pemic.com.co\",\"url\":\"https:\/\/pemic.com.co\/\",\"logo\":{\"@type\":\"ImageObject\",\"inLanguage\":\"es\",\"@id\":\"https:\/\/pemic.com.co\/#\/schema\/logo\/image\/\",\"url\":\"https:\/\/pemic.com.co\/wp-content\/uploads\/2022\/08\/cropped-cropped-cropped-LOGO-PEMIC-Borde-Grueso-1.png\",\"contentUrl\":\"https:\/\/pemic.com.co\/wp-content\/uploads\/2022\/08\/cropped-cropped-cropped-LOGO-PEMIC-Borde-Grueso-1.png\",\"width\":1920,\"height\":738,\"caption\":\"pemic.com.co\"},\"image\":{\"@id\":\"https:\/\/pemic.com.co\/#\/schema\/logo\/image\/\"}},{\"@type\":\"Person\",\"@id\":\"https:\/\/pemic.com.co\/#\/schema\/person\/9a2ea2b817eb03fd58b932f51f39cdd6\",\"name\":\"Henry Vargas Holguin\",\"image\":{\"@type\":\"ImageObject\",\"inLanguage\":\"es\",\"@id\":\"https:\/\/pemic.com.co\/#\/schema\/person\/image\/\",\"url\":\"https:\/\/secure.gravatar.com\/avatar\/569de8f208e1881c3b860aef88d3ea4d?s=96&d=mm&r=g\",\"contentUrl\":\"https:\/\/secure.gravatar.com\/avatar\/569de8f208e1881c3b860aef88d3ea4d?s=96&d=mm&r=g\",\"caption\":\"Henry Vargas Holguin\"},\"url\":\"https:\/\/pemic.com.co\/?author=2\"}]}<\/script>\n<!-- \/ Yoast SEO plugin. -->","yoast_head_json":{"title":"Decretos que Reglamentan la Clasificaci\u00f3n de los Residuos en la Fuente en Colombia - pemic.com.co","robots":{"index":"index","follow":"follow","max-snippet":"max-snippet:-1","max-image-preview":"max-image-preview:large","max-video-preview":"max-video-preview:-1"},"canonical":"https:\/\/pemic.com.co\/?p=1941","og_locale":"es_ES","og_type":"article","og_title":"Decretos que Reglamentan la Clasificaci\u00f3n de los Residuos en la Fuente en Colombia - pemic.com.co","og_description":"El decreto 2981 de 2013 por el cual se reglamenta la prestaci\u00f3n del servicio p\u00fablico de aseo establece en el Art\u00edculo 17 que los usuarios de dicho servicio, tienen la obligaci\u00f3n de realizar la separaci\u00f3n de los residuos en la fuente y, por otra parte, de almacenar y presentar los residuos s\u00f3lidos, de acuerdo a &hellip; Decretos que Reglamentan la Clasificaci\u00f3n de los Residuos en la Fuente en Colombia Leer m\u00e1s &raquo;","og_url":"https:\/\/pemic.com.co\/?p=1941","og_site_name":"pemic.com.co","article_published_time":"2021-07-17T03:01:23+00:00","article_modified_time":"2021-07-24T14:56:27+00:00","og_image":[{"width":484,"height":441,"url":"https:\/\/pemic.com.co\/wp-content\/uploads\/2021\/07\/Ley-2.png","type":"image\/png"}],"author":"Henry Vargas Holguin","twitter_card":"summary_large_image","twitter_misc":{"Escrito por":"Henry Vargas Holguin","Tiempo de lectura":"2 minutos"},"schema":{"@context":"https:\/\/schema.org","@graph":[{"@type":"Article","@id":"https:\/\/pemic.com.co\/?p=1941#article","isPartOf":{"@id":"https:\/\/pemic.com.co\/?p=1941"},"author":{"name":"Henry Vargas Holguin","@id":"https:\/\/pemic.com.co\/#\/schema\/person\/9a2ea2b817eb03fd58b932f51f39cdd6"},"headline":"Decretos que Reglamentan la Clasificaci\u00f3n de los Residuos en la Fuente en Colombia","datePublished":"2021-07-17T03:01:23+00:00","dateModified":"2021-07-24T14:56:27+00:00","mainEntityOfPage":{"@id":"https:\/\/pemic.com.co\/?p=1941"},"wordCount":469,"commentCount":0,"publisher":{"@id":"https:\/\/pemic.com.co\/#organization"},"articleSection":["Uncategorized"],"inLanguage":"es","potentialAction":[{"@type":"CommentAction","name":"Comment","target":["https:\/\/pemic.com.co\/?p=1941#respond"]}]},{"@type":"WebPage","@id":"https:\/\/pemic.com.co\/?p=1941","url":"https:\/\/pemic.com.co\/?p=1941","name":"Decretos que Reglamentan la Clasificaci\u00f3n de los Residuos en la Fuente en Colombia - pemic.com.co","isPartOf":{"@id":"https:\/\/pemic.com.co\/#website"},"datePublished":"2021-07-17T03:01:23+00:00","dateModified":"2021-07-24T14:56:27+00:00","breadcrumb":{"@id":"https:\/\/pemic.com.co\/?p=1941#breadcrumb"},"inLanguage":"es","potentialAction":[{"@type":"ReadAction","target":["https:\/\/pemic.com.co\/?p=1941"]}]},{"@type":"BreadcrumbList","@id":"https:\/\/pemic.com.co\/?p=1941#breadcrumb","itemListElement":[{"@type":"ListItem","position":1,"name":"Portada","item":"https:\/\/pemic.com.co\/"},{"@type":"ListItem","position":2,"name":"Decretos que Reglamentan la Clasificaci\u00f3n de los Residuos en la Fuente en Colombia"}]},{"@type":"WebSite","@id":"https:\/\/pemic.com.co\/#website","url":"https:\/\/pemic.com.co\/","name":"pemic.com.co","description":"Optimiza tu espacio y contribuye con el medio ambiente.","publisher":{"@id":"https:\/\/pemic.com.co\/#organization"},"potentialAction":[{"@type":"SearchAction","target":{"@type":"EntryPoint","urlTemplate":"https:\/\/pemic.com.co\/?s={search_term_string}"},"query-input":"required name=search_term_string"}],"inLanguage":"es"},{"@type":"Organization","@id":"https:\/\/pemic.com.co\/#organization","name":"pemic.com.co","url":"https:\/\/pemic.com.co\/","logo":{"@type":"ImageObject","inLanguage":"es","@id":"https:\/\/pemic.com.co\/#\/schema\/logo\/image\/","url":"https:\/\/pemic.com.co\/wp-content\/uploads\/2022\/08\/cropped-cropped-cropped-LOGO-PEMIC-Borde-Grueso-1.png","contentUrl":"https:\/\/pemic.com.co\/wp-content\/uploads\/2022\/08\/cropped-cropped-cropped-LOGO-PEMIC-Borde-Grueso-1.png","width":1920,"height":738,"caption":"pemic.com.co"},"image":{"@id":"https:\/\/pemic.com.co\/#\/schema\/logo\/image\/"}},{"@type":"Person","@id":"https:\/\/pemic.com.co\/#\/schema\/person\/9a2ea2b817eb03fd58b932f51f39cdd6","name":"Henry Vargas Holguin","image":{"@type":"ImageObject","inLanguage":"es","@id":"https:\/\/pemic.com.co\/#\/schema\/person\/image\/","url":"https:\/\/secure.gravatar.com\/avatar\/569de8f208e1881c3b860aef88d3ea4d?s=96&d=mm&r=g","contentUrl":"https:\/\/secure.gravatar.com\/avatar\/569de8f208e1881c3b860aef88d3ea4d?s=96&d=mm&r=g","caption":"Henry Vargas Holguin"},"url":"https:\/\/pemic.com.co\/?author=2"}]}},"jetpack_featured_media_url":"https:\/\/pemic.com.co\/wp-content\/uploads\/2021\/07\/Ley-2.png","_links":{"self":[{"href":"https:\/\/pemic.com.co\/index.php?rest_route=\/wp\/v2\/posts\/1941"}],"collection":[{"href":"https:\/\/pemic.com.co\/index.php?rest_route=\/wp\/v2\/posts"}],"about":[{"href":"https:\/\/pemic.com.co\/index.php?rest_route=\/wp\/v2\/types\/post"}],"author":[{"embeddable":true,"href":"https:\/\/pemic.com.co\/index.php?rest_route=\/wp\/v2\/users\/2"}],"replies":[{"embeddable":true,"href":"https:\/\/pemic.com.co\/index.php?rest_route=%2Fwp%2Fv2%2Fcomments&post=1941"}],"version-history":[{"count":5,"href":"https:\/\/pemic.com.co\/index.php?rest_route=\/wp\/v2\/posts\/1941\/revisions"}],"predecessor-version":[{"id":2044,"href":"https:\/\/pemic.com.co\/index.php?rest_route=\/wp\/v2\/posts\/1941\/revisions\/2044"}],"wp:featuredmedia":[{"embeddable":true,"href":"https:\/\/pemic.com.co\/index.php?rest_route=\/wp\/v2\/media\/1942"}],"wp:attachment":[{"href":"https:\/\/pemic.com.co\/index.php?rest_route=%2Fwp%2Fv2%2Fmedia&parent=1941"}],"wp:term":[{"taxonomy":"category","embeddable":true,"href":"https:\/\/pemic.com.co\/index.php?rest_route=%2Fwp%2Fv2%2Fcategories&post=1941"},{"taxonomy":"post_tag","embeddable":true,"href":"https:\/\/pemic.com.co\/index.php?rest_route=%2Fwp%2Fv2%2Ftags&post=1941"}],"curies":[{"name":"wp","href":"https:\/\/api.w.org\/{rel}","templated":true}]}}